{"id":2935,"date":"2022-05-13T21:20:20","date_gmt":"2022-05-13T19:20:20","guid":{"rendered":"https:\/\/semblis.org\/grupo-ept-brabante-septentrional\/"},"modified":"2024-05-15T19:30:07","modified_gmt":"2024-05-15T17:30:07","slug":"grupo-ept-brabante-septentrional","status":"publish","type":"post","link":"https:\/\/semblis.org\/es\/grupo-ept-brabante-septentrional\/","title":{"rendered":"Grupo EPT de Brabant"},"content":{"rendered":"<div class=\"fusion-fullwidth fullwidth-box fusion-builder-row-1 fusion-flex-container nonhundred-percent-fullwidth non-hundred-percent-height-scrolling\" style=\"--awb-border-radius-top-left:0px;--awb-border-radius-top-right:0px;--awb-border-radius-bottom-right:0px;--awb-border-radius-bottom-left:0px;--awb-padding-top:0px;--awb-padding-right:0px;--awb-padding-bottom:0px;--awb-padding-left:0px;--awb-padding-right-small:0px;--awb-padding-bottom-small:0px;--awb-padding-left-small:0px;--awb-flex-wrap:wrap;\" ><div class=\"fusion-builder-row fusion-row fusion-flex-align-items-flex-start fusion-flex-justify-content-space-between fusion-flex-content-wrap\" style=\"max-width:1331.2px;margin-left: calc(-4% \/ 2 );margin-right: calc(-4% \/ 2 );\"><div class=\"fusion-layout-column fusion_builder_column fusion-builder-column-0 fusion_builder_column_2_3 2_3 fusion-flex-column\" style=\"--awb-bg-size:cover;--awb-width-large:66.666666666667%;--awb-margin-top-large:16px;--awb-spacing-right-large:2.88%;--awb-margin-bottom-large:16px;--awb-spacing-left-large:2.88%;--awb-width-medium:75%;--awb-order-medium:0;--awb-spacing-right-medium:2.56%;--awb-spacing-left-medium:2.56%;--awb-width-small:100%;--awb-order-small:0;--awb-margin-top-small:0px;--awb-spacing-right-small:1.92%;--awb-spacing-left-small:1.92%;\"><div class=\"fusion-column-wrapper fusion-column-has-shadow fusion-flex-justify-content-flex-start fusion-content-layout-column\"><div class=\"fusion-title title fusion-title-1 fusion-sep-none fusion-title-text fusion-title-size-two\" style=\"--awb-margin-top-small:10px;--awb-margin-right-small:0px;--awb-margin-bottom-small:10px;--awb-margin-left-small:0px;\"><h2 class=\"fusion-title-heading title-heading-left fusion-responsive-typography-calculated\" style=\"margin:0;--fontSize:48;line-height:1.12;\">EPT significa:<\/h2><\/div><div class=\"fusion-text fusion-text-1\" style=\"--awb-content-alignment:left;\"><p class=\"p1\">E (Ephemeroptera &#8211; moscas de un dia)<\/p>\n<p class=\"p1\">P (Plec\u00f3pteros &#8211; moscas de la piedra)<\/p>\n<p class=\"p1\">T (Tric\u00f3pteros &#8211; friganeas)<\/p>\n<\/div><div class=\"fusion-title title fusion-title-2 fusion-sep-none fusion-title-text fusion-title-size-three\" style=\"--awb-margin-top-small:10px;--awb-margin-right-small:0px;--awb-margin-bottom-small:10px;--awb-margin-left-small:0px;\"><h3 class=\"fusion-title-heading title-heading-left fusion-responsive-typography-calculated\" style=\"margin:0;--fontSize:36;line-height:1.24;\">Buenos indicadores de la calidad del agua<\/h3><\/div><div class=\"fusion-text fusion-text-2\" style=\"--awb-content-alignment:left;\"><p class=\"p1\">Estos tres grupos son buenos indicadores de la calidad del agua y muy sensibles a la contaminaci\u00f3n. Por ello, Semblisla Fundacion ha trabajado durante los \u00faltimos cinco a\u00f1os para aumentar el conocimiento sobre estos tres grupos, especialmente de los Trichoptera de la provincia de Brabant en Holanda.<\/p>\n<p class=\"p1\">Actualmente contamos con 12 voluntarios activos que han trabajado principalmente en los siguientes rios y quebradas: Beekloop, Beerze, Neterselse loop, Essche stroom y la zona de Gelders y Mortelen de Brabants Landschap.<\/p>\n<\/div><div class=\"fusion-text fusion-text-3\" style=\"--awb-content-alignment:left;\"><blockquote>\n<p>Si quieres formar parte de este grupo,<br \/>\nH\u00e1ganoslo saber : info@semblis.org Todo el mundo es bienvenido.<\/p>\n<\/blockquote>\n<\/div><\/div><\/div><div class=\"fusion-layout-column fusion_builder_column fusion-builder-column-1 fusion_builder_column_1_4 1_4 fusion-flex-column fusion-flex-align-self-flex-start\" style=\"--awb-padding-top:20px;--awb-bg-size:cover;--awb-border-color:var(--awb-color2);--awb-border-top:2px;--awb-border-style:solid;--awb-width-large:25%;--awb-margin-top-large:16px;--awb-spacing-right-large:7.68%;--awb-margin-bottom-large:16px;--awb-spacing-left-large:7.68%;--awb-width-medium:25%;--awb-order-medium:0;--awb-spacing-right-medium:7.68%;--awb-spacing-left-medium:7.68%;--awb-width-small:100%;--awb-order-small:0;--awb-spacing-right-small:1.92%;--awb-spacing-left-small:1.92%;\"><div class=\"fusion-column-wrapper fusion-column-has-shadow fusion-flex-justify-content-flex-start fusion-content-layout-column\"><div class=\"fusion-text fusion-text-4\" style=\"--awb-font-size:var(--awb-typography5-font-size);--awb-line-height:var(--awb-typography5-line-height);--awb-letter-spacing:var(--awb-typography5-letter-spacing);--awb-text-transform:var(--awb-typography5-text-transform);--awb-text-font-family:var(--awb-typography5-font-family);--awb-text-font-weight:var(--awb-typography5-font-weight);--awb-text-font-style:var(--awb-typography5-font-style);\"><p class=\"p1\">Este grupo fue creado el 1 de abril de 2018 por la Fundaci\u00f3n Semblis.<\/p>\n<\/div><\/div><\/div><\/div><\/div>\n","protected":false},"excerpt":{"rendered":"<p>EPT significa:<br \/>\nE (Ephemeroptera &#8211; moscas de un dia)<br \/>\nP (Plec\u00f3pteros &#8211; moscas de la piedra)<br \/>\nT (Tric\u00f3pteros &#8211; friganeas)<\/p>\n<p>Buenos indicadores de la calidad del agua<br \/>\nEstos tres grupos son buenos indicadores de la calidad del agua y muy sensibles a la contaminaci\u00f3n. Por ello, la Stichting Semblis ha trabajado durante los \u00faltimos cinco a\u00f1os para aumentar el conocimiento sobre estos tres grupos, especialmente de los Trichoptera de la provincia de Brabante en Holanda.<\/p>\n<p>Actualmente contamos con 12 voluntarios activos que han trabajado principalmente en los siguientes rios y quebradas: Beekloop, Beerze, Neterselse loop, Essche stroom y la zona de Gelders y Mortelen de Brabants Landschap.<\/p>\n","protected":false},"author":1,"featured_media":2716,"comment_status":"open","ping_status":"open","sticky":false,"template":"","format":"standard","meta":{"footnotes":""},"categories":[106],"tags":[],"class_list":["post-2935","post","type-post","status-publish","format-standard","has-post-thumbnail","hentry","category-proyectos"],"yoast_head":"<!-- This site is optimized with the Yoast SEO plugin v27.4 - https:\/\/yoast.com\/product\/yoast-seo-wordpress\/ -->\n<title>Stichting Semblis - Grupo EPT de Brabant<\/title>\n<meta name=\"robots\" content=\"index, follow, max-snippet:-1, max-image-preview:large, max-video-preview:-1\" \/>\n<link rel=\"canonical\" href=\"https:\/\/semblis.org\/es\/grupo-ept-brabante-septentrional\/\" \/>\n<meta property=\"og:locale\" content=\"es_ES\" \/>\n<meta property=\"og:type\" content=\"article\" \/>\n<meta property=\"og:title\" content=\"Stichting Semblis - Grupo EPT de Brabant\" \/>\n<meta property=\"og:description\" content=\"EPT significa: E (Ephemeroptera - moscas de un dia) P (Plec\u00f3pteros - moscas de la piedra) T (Tric\u00f3pteros - friganeas) Buenos indicadores de la calidad del agua Estos tres grupos son buenos indicadores de la calidad del agua y muy sensibles a la contaminaci\u00f3n. Por ello, la Stichting Semblis ha trabajado durante los \u00faltimos cinco a\u00f1os para aumentar el conocimiento sobre estos tres grupos, especialmente de los Trichoptera de la provincia de Brabante en Holanda. Actualmente contamos con 12 voluntarios activos que han trabajado principalmente en los siguientes rios y quebradas: Beekloop, Beerze, Neterselse loop, Essche stroom y la zona de Gelders y Mortelen de Brabants Landschap.\" \/>\n<meta property=\"og:url\" content=\"https:\/\/semblis.org\/es\/grupo-ept-brabante-septentrional\/\" \/>\n<meta property=\"og:site_name\" content=\"Stichting Semblis\" \/>\n<meta property=\"article:published_time\" content=\"2022-05-13T19:20:20+00:00\" \/>\n<meta property=\"article:modified_time\" content=\"2024-05-15T17:30:07+00:00\" \/>\n<meta property=\"og:image\" content=\"https:\/\/semblis.org\/wp-content\/uploads\/2023\/08\/kaart-EPT-ers-2020-4-1024x822.png\" \/>\n\t<meta property=\"og:image:width\" content=\"1024\" \/>\n\t<meta property=\"og:image:height\" content=\"822\" \/>\n\t<meta property=\"og:image:type\" content=\"image\/png\" \/>\n<meta name=\"author\" content=\"semblis\" \/>\n<meta name=\"twitter:card\" content=\"summary_large_image\" \/>\n<meta name=\"twitter:label1\" content=\"Escrito por\" \/>\n\t<meta name=\"twitter:data1\" content=\"semblis\" \/>\n\t<meta name=\"twitter:label2\" content=\"Tiempo de lectura\" \/>\n\t<meta name=\"twitter:data2\" content=\"4 minutos\" \/>\n<script type=\"application\/ld+json\" class=\"yoast-schema-graph\">{\"@context\":\"https:\\\/\\\/schema.org\",\"@graph\":[{\"@type\":\"Article\",\"@id\":\"https:\\\/\\\/semblis.org\\\/es\\\/grupo-ept-brabante-septentrional\\\/#article\",\"isPartOf\":{\"@id\":\"https:\\\/\\\/semblis.org\\\/es\\\/grupo-ept-brabante-septentrional\\\/\"},\"author\":{\"name\":\"semblis\",\"@id\":\"https:\\\/\\\/semblis.org\\\/es\\\/#\\\/schema\\\/person\\\/2f82b85b348aa5241c4e84646766ef7f\"},\"headline\":\"Grupo EPT de Brabant\",\"datePublished\":\"2022-05-13T19:20:20+00:00\",\"dateModified\":\"2024-05-15T17:30:07+00:00\",\"mainEntityOfPage\":{\"@id\":\"https:\\\/\\\/semblis.org\\\/es\\\/grupo-ept-brabante-septentrional\\\/\"},\"wordCount\":879,\"commentCount\":0,\"image\":{\"@id\":\"https:\\\/\\\/semblis.org\\\/es\\\/grupo-ept-brabante-septentrional\\\/#primaryimage\"},\"thumbnailUrl\":\"https:\\\/\\\/semblis.org\\\/wp-content\\\/uploads\\\/2023\\\/08\\\/kaart-EPT-ers-2020-4.png\",\"articleSection\":[\"Proyectos\"],\"inLanguage\":\"es\",\"potentialAction\":[{\"@type\":\"CommentAction\",\"name\":\"Comment\",\"target\":[\"https:\\\/\\\/semblis.org\\\/es\\\/grupo-ept-brabante-septentrional\\\/#respond\"]}]},{\"@type\":\"WebPage\",\"@id\":\"https:\\\/\\\/semblis.org\\\/es\\\/grupo-ept-brabante-septentrional\\\/\",\"url\":\"https:\\\/\\\/semblis.org\\\/es\\\/grupo-ept-brabante-septentrional\\\/\",\"name\":\"Stichting Semblis - Grupo EPT de Brabant\",\"isPartOf\":{\"@id\":\"https:\\\/\\\/semblis.org\\\/es\\\/#website\"},\"primaryImageOfPage\":{\"@id\":\"https:\\\/\\\/semblis.org\\\/es\\\/grupo-ept-brabante-septentrional\\\/#primaryimage\"},\"image\":{\"@id\":\"https:\\\/\\\/semblis.org\\\/es\\\/grupo-ept-brabante-septentrional\\\/#primaryimage\"},\"thumbnailUrl\":\"https:\\\/\\\/semblis.org\\\/wp-content\\\/uploads\\\/2023\\\/08\\\/kaart-EPT-ers-2020-4.png\",\"datePublished\":\"2022-05-13T19:20:20+00:00\",\"dateModified\":\"2024-05-15T17:30:07+00:00\",\"author\":{\"@id\":\"https:\\\/\\\/semblis.org\\\/es\\\/#\\\/schema\\\/person\\\/2f82b85b348aa5241c4e84646766ef7f\"},\"breadcrumb\":{\"@id\":\"https:\\\/\\\/semblis.org\\\/es\\\/grupo-ept-brabante-septentrional\\\/#breadcrumb\"},\"inLanguage\":\"es\",\"potentialAction\":[{\"@type\":\"ReadAction\",\"target\":[\"https:\\\/\\\/semblis.org\\\/es\\\/grupo-ept-brabante-septentrional\\\/\"]}]},{\"@type\":\"ImageObject\",\"inLanguage\":\"es\",\"@id\":\"https:\\\/\\\/semblis.org\\\/es\\\/grupo-ept-brabante-septentrional\\\/#primaryimage\",\"url\":\"https:\\\/\\\/semblis.org\\\/wp-content\\\/uploads\\\/2023\\\/08\\\/kaart-EPT-ers-2020-4.png\",\"contentUrl\":\"https:\\\/\\\/semblis.org\\\/wp-content\\\/uploads\\\/2023\\\/08\\\/kaart-EPT-ers-2020-4.png\",\"width\":3370,\"height\":2706},{\"@type\":\"BreadcrumbList\",\"@id\":\"https:\\\/\\\/semblis.org\\\/es\\\/grupo-ept-brabante-septentrional\\\/#breadcrumb\",\"itemListElement\":[{\"@type\":\"ListItem\",\"position\":1,\"name\":\"Home\",\"item\":\"https:\\\/\\\/semblis.org\\\/es\\\/fundacion-semblis\\\/\"},{\"@type\":\"ListItem\",\"position\":2,\"name\":\"Grupo EPT de Brabant\"}]},{\"@type\":\"WebSite\",\"@id\":\"https:\\\/\\\/semblis.org\\\/es\\\/#website\",\"url\":\"https:\\\/\\\/semblis.org\\\/es\\\/\",\"name\":\"Stichting Semblis\",\"description\":\"Zoet en zout macrofauna van Europa\",\"potentialAction\":[{\"@type\":\"SearchAction\",\"target\":{\"@type\":\"EntryPoint\",\"urlTemplate\":\"https:\\\/\\\/semblis.org\\\/es\\\/?s={search_term_string}\"},\"query-input\":{\"@type\":\"PropertyValueSpecification\",\"valueRequired\":true,\"valueName\":\"search_term_string\"}}],\"inLanguage\":\"es\"},{\"@type\":\"Person\",\"@id\":\"https:\\\/\\\/semblis.org\\\/es\\\/#\\\/schema\\\/person\\\/2f82b85b348aa5241c4e84646766ef7f\",\"name\":\"semblis\",\"sameAs\":[\"https:\\\/\\\/semblis.org\"],\"url\":\"https:\\\/\\\/semblis.org\\\/es\\\/author\\\/semblis\\\/\"}]}<\/script>\n<!-- \/ Yoast SEO plugin. -->","yoast_head_json":{"title":"Stichting Semblis - Grupo EPT de Brabant","robots":{"index":"index","follow":"follow","max-snippet":"max-snippet:-1","max-image-preview":"max-image-preview:large","max-video-preview":"max-video-preview:-1"},"canonical":"https:\/\/semblis.org\/es\/grupo-ept-brabante-septentrional\/","og_locale":"es_ES","og_type":"article","og_title":"Stichting Semblis - Grupo EPT de Brabant","og_description":"EPT significa: E (Ephemeroptera - moscas de un dia) P (Plec\u00f3pteros - moscas de la piedra) T (Tric\u00f3pteros - friganeas) Buenos indicadores de la calidad del agua Estos tres grupos son buenos indicadores de la calidad del agua y muy sensibles a la contaminaci\u00f3n. Por ello, la Stichting Semblis ha trabajado durante los \u00faltimos cinco a\u00f1os para aumentar el conocimiento sobre estos tres grupos, especialmente de los Trichoptera de la provincia de Brabante en Holanda. Actualmente contamos con 12 voluntarios activos que han trabajado principalmente en los siguientes rios y quebradas: Beekloop, Beerze, Neterselse loop, Essche stroom y la zona de Gelders y Mortelen de Brabants Landschap.","og_url":"https:\/\/semblis.org\/es\/grupo-ept-brabante-septentrional\/","og_site_name":"Stichting Semblis","article_published_time":"2022-05-13T19:20:20+00:00","article_modified_time":"2024-05-15T17:30:07+00:00","og_image":[{"width":1024,"height":822,"url":"https:\/\/semblis.org\/wp-content\/uploads\/2023\/08\/kaart-EPT-ers-2020-4-1024x822.png","type":"image\/png"}],"author":"semblis","twitter_card":"summary_large_image","twitter_misc":{"Escrito por":"semblis","Tiempo de lectura":"4 minutos"},"schema":{"@context":"https:\/\/schema.org","@graph":[{"@type":"Article","@id":"https:\/\/semblis.org\/es\/grupo-ept-brabante-septentrional\/#article","isPartOf":{"@id":"https:\/\/semblis.org\/es\/grupo-ept-brabante-septentrional\/"},"author":{"name":"semblis","@id":"https:\/\/semblis.org\/es\/#\/schema\/person\/2f82b85b348aa5241c4e84646766ef7f"},"headline":"Grupo EPT de Brabant","datePublished":"2022-05-13T19:20:20+00:00","dateModified":"2024-05-15T17:30:07+00:00","mainEntityOfPage":{"@id":"https:\/\/semblis.org\/es\/grupo-ept-brabante-septentrional\/"},"wordCount":879,"commentCount":0,"image":{"@id":"https:\/\/semblis.org\/es\/grupo-ept-brabante-septentrional\/#primaryimage"},"thumbnailUrl":"https:\/\/semblis.org\/wp-content\/uploads\/2023\/08\/kaart-EPT-ers-2020-4.png","articleSection":["Proyectos"],"inLanguage":"es","potentialAction":[{"@type":"CommentAction","name":"Comment","target":["https:\/\/semblis.org\/es\/grupo-ept-brabante-septentrional\/#respond"]}]},{"@type":"WebPage","@id":"https:\/\/semblis.org\/es\/grupo-ept-brabante-septentrional\/","url":"https:\/\/semblis.org\/es\/grupo-ept-brabante-septentrional\/","name":"Stichting Semblis - Grupo EPT de Brabant","isPartOf":{"@id":"https:\/\/semblis.org\/es\/#website"},"primaryImageOfPage":{"@id":"https:\/\/semblis.org\/es\/grupo-ept-brabante-septentrional\/#primaryimage"},"image":{"@id":"https:\/\/semblis.org\/es\/grupo-ept-brabante-septentrional\/#primaryimage"},"thumbnailUrl":"https:\/\/semblis.org\/wp-content\/uploads\/2023\/08\/kaart-EPT-ers-2020-4.png","datePublished":"2022-05-13T19:20:20+00:00","dateModified":"2024-05-15T17:30:07+00:00","author":{"@id":"https:\/\/semblis.org\/es\/#\/schema\/person\/2f82b85b348aa5241c4e84646766ef7f"},"breadcrumb":{"@id":"https:\/\/semblis.org\/es\/grupo-ept-brabante-septentrional\/#breadcrumb"},"inLanguage":"es","potentialAction":[{"@type":"ReadAction","target":["https:\/\/semblis.org\/es\/grupo-ept-brabante-septentrional\/"]}]},{"@type":"ImageObject","inLanguage":"es","@id":"https:\/\/semblis.org\/es\/grupo-ept-brabante-septentrional\/#primaryimage","url":"https:\/\/semblis.org\/wp-content\/uploads\/2023\/08\/kaart-EPT-ers-2020-4.png","contentUrl":"https:\/\/semblis.org\/wp-content\/uploads\/2023\/08\/kaart-EPT-ers-2020-4.png","width":3370,"height":2706},{"@type":"BreadcrumbList","@id":"https:\/\/semblis.org\/es\/grupo-ept-brabante-septentrional\/#breadcrumb","itemListElement":[{"@type":"ListItem","position":1,"name":"Home","item":"https:\/\/semblis.org\/es\/fundacion-semblis\/"},{"@type":"ListItem","position":2,"name":"Grupo EPT de Brabant"}]},{"@type":"WebSite","@id":"https:\/\/semblis.org\/es\/#website","url":"https:\/\/semblis.org\/es\/","name":"Stichting Semblis","description":"Zoet en zout macrofauna van Europa","potentialAction":[{"@type":"SearchAction","target":{"@type":"EntryPoint","urlTemplate":"https:\/\/semblis.org\/es\/?s={search_term_string}"},"query-input":{"@type":"PropertyValueSpecification","valueRequired":true,"valueName":"search_term_string"}}],"inLanguage":"es"},{"@type":"Person","@id":"https:\/\/semblis.org\/es\/#\/schema\/person\/2f82b85b348aa5241c4e84646766ef7f","name":"semblis","sameAs":["https:\/\/semblis.org"],"url":"https:\/\/semblis.org\/es\/author\/semblis\/"}]}},"_links":{"self":[{"href":"https:\/\/semblis.org\/es\/wp-json\/wp\/v2\/posts\/2935","targetHints":{"allow":["GET"]}}],"collection":[{"href":"https:\/\/semblis.org\/es\/wp-json\/wp\/v2\/posts"}],"about":[{"href":"https:\/\/semblis.org\/es\/wp-json\/wp\/v2\/types\/post"}],"author":[{"embeddable":true,"href":"https:\/\/semblis.org\/es\/wp-json\/wp\/v2\/users\/1"}],"replies":[{"embeddable":true,"href":"https:\/\/semblis.org\/es\/wp-json\/wp\/v2\/comments?post=2935"}],"version-history":[{"count":5,"href":"https:\/\/semblis.org\/es\/wp-json\/wp\/v2\/posts\/2935\/revisions"}],"predecessor-version":[{"id":3282,"href":"https:\/\/semblis.org\/es\/wp-json\/wp\/v2\/posts\/2935\/revisions\/3282"}],"wp:featuredmedia":[{"embeddable":true,"href":"https:\/\/semblis.org\/es\/wp-json\/wp\/v2\/media\/2716"}],"wp:attachment":[{"href":"https:\/\/semblis.org\/es\/wp-json\/wp\/v2\/media?parent=2935"}],"wp:term":[{"taxonomy":"category","embeddable":true,"href":"https:\/\/semblis.org\/es\/wp-json\/wp\/v2\/categories?post=2935"},{"taxonomy":"post_tag","embeddable":true,"href":"https:\/\/semblis.org\/es\/wp-json\/wp\/v2\/tags?post=2935"}],"curies":[{"name":"wp","href":"https:\/\/api.w.org\/{rel}","templated":true}]}}